{"id":2812,"date":"2020-12-02T16:04:16","date_gmt":"2020-12-02T16:04:16","guid":{"rendered":"https:\/\/apapy.org\/sjapa\/?p=2812"},"modified":"2020-12-10T21:28:22","modified_gmt":"2020-12-10T21:28:22","slug":"victoria-de-los-autores","status":"publish","type":"post","link":"https:\/\/apapy.org\/sjapa\/2020\/12\/02\/victoria-de-los-autores\/","title":{"rendered":"Victoria de los autores:"},"content":{"rendered":"<div class=\"wpex-responsive-media\"><iframe loading=\"lazy\" title=\"\u00a1Victoria de los Autores!\" width=\"980\" height=\"551\" src=\"https:\/\/www.youtube.com\/embed\/rwhG67D_r9U?feature=oembed\"  allow=\"accelerometer; autoplay; clipboard-write; encrypted-media; gyroscope; picture-in-picture\" allowfullscreen><\/iframe><\/div>\n<p style=\"text-align: justify;\">Como resultado de la gesti\u00f3n jur\u00eddica de APA y de las otras entidades, se obtuvo el pronunciamiento de la sala constitucional de la Corte Suprema de Justicia, rechazando la acci\u00f3n de inconstitucionalidad promovida por Atl\u00e1ntico Importaci\u00f3n Exportaci\u00f3n S.A. y el levantamiento de la medida cautelar que hab\u00eda obtenido esta empresa para evitar el pago de los derechos compensatorios (Copia Privada).<\/p>\n<p style=\"text-align: justify;\">Este resultado es un gran logro que beneficia a los autores y restituye sus derechos e impide que otras empresas intenten eludir el pago de los derechos de propiedad intelectual que corresponden.<\/p>\n<p style=\"text-align: justify;\">APA, a trav\u00e9s de sus autoridades, conforme lo manifiesta el se\u00f1or Gustavo Luque, Vice Presidente de la entidad, perseguir\u00e1 el pago retroactivo que la empresa Atl\u00e1ntico Importaci\u00f3n Exportaci\u00f3n S.A. dej\u00f3 de abonar.<\/p>\n<p style=\"text-align: justify;\">Las sociedades de gesti\u00f3n: APA, SGP y AIE, seguiremos protegiendo los derechos de los creadores de la cultura musical. Gracias a la unidad entre las entidades y el apoyo de todos los autores, artistas y productores, hemos podido salir victoriosos. Esta lucha no fue f\u00e1cil, y la lucha contin\u00faa, debemos permanecer vigilantes porque siempre habr\u00e1n amenazas.<\/p>\n<p><strong>\u00a1Viva el Paraguay! \u00a1Viva la m\u00fasica!<\/strong><\/p>\n","protected":false},"excerpt":{"rendered":"<p>Como resultado de la gesti\u00f3n jur\u00eddica de APA y de las otras entidades, se obtuvo el pronunciamiento de la sala constitucional de la Corte Suprema de Justicia, rechazando la acci\u00f3n de inconstitucionalidad promovida por Atl\u00e1ntico Importaci\u00f3n Exportaci\u00f3n S.A. y el&hellip;<\/p>\n","protected":false},"author":1,"featured_media":3305,"comment_status":"closed","ping_status":"open","sticky":false,"template":"","format":"video","meta":{"footnotes":""},"categories":[3],"tags":[],"post_series":[],"class_list":["post-2812","post","type-post","status-publish","format-video","has-post-thumbnail","hentry","category-noticias","post_format-post-format-video","entry","has-media"],"_links":{"self":[{"href":"https:\/\/apapy.org\/sjapa\/wp-json\/wp\/v2\/posts\/2812","targetHints":{"allow":["GET"]}}],"collection":[{"href":"https:\/\/apapy.org\/sjapa\/wp-json\/wp\/v2\/posts"}],"about":[{"href":"https:\/\/apapy.org\/sjapa\/wp-json\/wp\/v2\/types\/post"}],"author":[{"embeddable":true,"href":"https:\/\/apapy.org\/sjapa\/wp-json\/wp\/v2\/users\/1"}],"replies":[{"embeddable":true,"href":"https:\/\/apapy.org\/sjapa\/wp-json\/wp\/v2\/comments?post=2812"}],"version-history":[{"count":2,"href":"https:\/\/apapy.org\/sjapa\/wp-json\/wp\/v2\/posts\/2812\/revisions"}],"predecessor-version":[{"id":2814,"href":"https:\/\/apapy.org\/sjapa\/wp-json\/wp\/v2\/posts\/2812\/revisions\/2814"}],"wp:featuredmedia":[{"embeddable":true,"href":"https:\/\/apapy.org\/sjapa\/wp-json\/wp\/v2\/media\/3305"}],"wp:attachment":[{"href":"https:\/\/apapy.org\/sjapa\/wp-json\/wp\/v2\/media?parent=2812"}],"wp:term":[{"taxonomy":"category","embeddable":true,"href":"https:\/\/apapy.org\/sjapa\/wp-json\/wp\/v2\/categories?post=2812"},{"taxonomy":"post_tag","embeddable":true,"href":"https:\/\/apapy.org\/sjapa\/wp-json\/wp\/v2\/tags?post=2812"},{"taxonomy":"post_series","embeddable":true,"href":"https:\/\/apapy.org\/sjapa\/wp-json\/wp\/v2\/post_series?post=2812"}],"curies":[{"name":"wp","href":"https:\/\/api.w.org\/{rel}","templated":true}]}}