{"id":2837,"date":"2020-06-24T16:48:04","date_gmt":"2020-06-24T16:48:04","guid":{"rendered":"https:\/\/apapy.org\/sjapa\/?p=2837"},"modified":"2020-12-10T21:28:23","modified_gmt":"2020-12-10T21:28:23","slug":"apa-refuerza-el-deber-del-estado-con-el-derecho-de-los-autores","status":"publish","type":"post","link":"https:\/\/apapy.org\/sjapa\/2020\/06\/24\/apa-refuerza-el-deber-del-estado-con-el-derecho-de-los-autores\/","title":{"rendered":"APA refuerza el deber del Estado con el derecho de los autores"},"content":{"rendered":"<p style=\"text-align: justify;\">Con el objetivo de exponer la situaci\u00f3n actual que atraviesan los autores y artistas paraguayos en general, Gustavo Luque, vicepresidente, Patricia Stanley, directora general y Claudia \u00c1lvarez, jefa del Departamento de Licencias, en representaci\u00f3n de la sociedad de gesti\u00f3n colectiva, Autores Paraguayos Asociados (APA), se reunieron con Ingrid Villalba Weiler, viceministra de comunicaci\u00f3n del Ministerio de Tecnolog\u00edas de la Informaci\u00f3n y Comunicaci\u00f3n (Mitic).<\/p>\n<p style=\"text-align: justify;\">Durante la reuni\u00f3n se llev\u00f3 a cabo para dar a conocer los trabajos que la entidad est\u00e1 llevando a cabo y para solicitar apoyo del Estado para los autores y artistas, y que se reconozca la importancia del Derecho del Autor, as\u00ed como tambi\u00e9n, hablar de la necesidad de apoyo de las autoridades gubernamentales ante el escenario actual.<\/p>\n<p style=\"text-align: justify;\">La crisis sanitaria ha afectado considerablemente al sector de la m\u00fasica, por la cancelaci\u00f3n de conciertos y eventos. Los artistas han dejado de percibir ingresos y la reactivaci\u00f3n de este sector est\u00e1 contemplado reci\u00e9n en la \u00faltima fase de la cuarentena inteligente.<\/p>\n<p style=\"text-align: justify;\">Por otra parte, APA recalc\u00f3 al gobierno un reclamo que se viene realizando durante d\u00e9cadas, la necesidad de pol\u00edticas p\u00fablicas que reconozcan los derechos y el pago justo de las regal\u00edas que corresponden a cada artista, \u00fanico ingreso econ\u00f3mico en estos tiempos.<\/p>\n<p style=\"text-align: justify;\">Los m\u00fasicos han trabajado y seguir\u00e1n trabajando para que al mundo no le falte alegr\u00eda, belleza y, sobre todo, esperanza.<\/p>\n","protected":false},"excerpt":{"rendered":"<p>Con el objetivo de exponer la situaci\u00f3n actual que atraviesan los autores y artistas paraguayos en general, Gustavo Luque, vicepresidente, Patricia Stanley, directora general y Claudia \u00c1lvarez, jefa del Departamento de Licencias, en representaci\u00f3n de la sociedad de gesti\u00f3n colectiva,&hellip;<\/p>\n","protected":false},"author":1,"featured_media":3105,"comment_status":"closed","ping_status":"open","sticky":false,"template":"","format":"standard","meta":{"footnotes":""},"categories":[3],"tags":[],"post_series":[],"class_list":["post-2837","post","type-post","status-publish","format-standard","has-post-thumbnail","hentry","category-noticias","entry","has-media"],"_links":{"self":[{"href":"https:\/\/apapy.org\/sjapa\/wp-json\/wp\/v2\/posts\/2837","targetHints":{"allow":["GET"]}}],"collection":[{"href":"https:\/\/apapy.org\/sjapa\/wp-json\/wp\/v2\/posts"}],"about":[{"href":"https:\/\/apapy.org\/sjapa\/wp-json\/wp\/v2\/types\/post"}],"author":[{"embeddable":true,"href":"https:\/\/apapy.org\/sjapa\/wp-json\/wp\/v2\/users\/1"}],"replies":[{"embeddable":true,"href":"https:\/\/apapy.org\/sjapa\/wp-json\/wp\/v2\/comments?post=2837"}],"version-history":[{"count":2,"href":"https:\/\/apapy.org\/sjapa\/wp-json\/wp\/v2\/posts\/2837\/revisions"}],"predecessor-version":[{"id":2873,"href":"https:\/\/apapy.org\/sjapa\/wp-json\/wp\/v2\/posts\/2837\/revisions\/2873"}],"wp:featuredmedia":[{"embeddable":true,"href":"https:\/\/apapy.org\/sjapa\/wp-json\/wp\/v2\/media\/3105"}],"wp:attachment":[{"href":"https:\/\/apapy.org\/sjapa\/wp-json\/wp\/v2\/media?parent=2837"}],"wp:term":[{"taxonomy":"category","embeddable":true,"href":"https:\/\/apapy.org\/sjapa\/wp-json\/wp\/v2\/categories?post=2837"},{"taxonomy":"post_tag","embeddable":true,"href":"https:\/\/apapy.org\/sjapa\/wp-json\/wp\/v2\/tags?post=2837"},{"taxonomy":"post_series","embeddable":true,"href":"https:\/\/apapy.org\/sjapa\/wp-json\/wp\/v2\/post_series?post=2837"}],"curies":[{"name":"wp","href":"https:\/\/api.w.org\/{rel}","templated":true}]}}